{"id":249024,"date":"2024-09-18T14:06:04","date_gmt":"2024-09-18T14:06:04","guid":{"rendered":"https:\/\/principeverdiazul.com\/?p=249024"},"modified":"2024-09-23T15:57:57","modified_gmt":"2024-09-23T15:57:57","slug":"todo-pasa-en-el-momento-justo-2","status":"publish","type":"post","link":"https:\/\/theemotionslabmalta.com\/en\/todo-pasa-en-el-momento-justo-2\/","title":{"rendered":"Everything happens at the right time!"},"content":{"rendered":"<h2 class=\"wp-block-heading has-medium-font-size\">La vida es magia, instantes\u2026<\/h2>\n\n\n\n<p class=\"has-medium-font-size wp-block-paragraph\">Y es que la vida es eso, instantes. D\u00e9jame te cuento un peque\u00f1o trozo de mi historia\u2026<\/p>\n\n\n\n<p class=\"has-medium-font-size wp-block-paragraph\">Before I met my current husband I lived in a&nbsp;<strong>constant search for love<\/strong>I wanted, or rather, I needed to feel loved and appreciated.<\/p>\n\n\n\n<p class=\"has-medium-font-size wp-block-paragraph\">The&nbsp;<strong>lack of affection<\/strong>&nbsp;I had as a child led me to try here and there. The end was never what I expected.<\/p>\n\n\n\n<p class=\"has-medium-font-size wp-block-paragraph\">And it was just one of those many endings that led me to take a break to take care of myself and&nbsp;<strong>heal my emotions.<\/strong><\/p>\n\n\n\n<p class=\"has-medium-font-size wp-block-paragraph\">It was a hard time, a time of loneliness and a lot of learning. I&nbsp;<strong>learned to love<\/strong>, I discovered myself and only when I was ready did life give me&nbsp;<strong>one of the<\/strong>&nbsp;<strong>most beautiful gifts.<\/strong>.<\/p>\n\n\n\n<p class=\"has-medium-font-size wp-block-paragraph\">In an INSTANT and in a place I never imagined, Ef appeared in my life.<\/p>\n\n\n\n<p class=\"has-medium-font-size wp-block-paragraph\">Otro d\u00eda te cuento m\u00e1s detalles de nuestra historia\u2026<\/p>\n\n\n\n<p class=\"has-medium-font-size wp-block-paragraph\">Thank you for being here.<\/p>\n\n\n\n<p class=\"has-medium-font-size wp-block-paragraph\">With gratitude,<\/p>\n\n\n\n<p class=\"has-medium-font-size wp-block-paragraph\">Caro<\/p>","protected":false},"excerpt":{"rendered":"<p>La vida es magia, instantes\u2026 Y es que la vida es eso, instantes. D\u00e9jame te cuento un peque\u00f1o trozo de mi historia\u2026 Antes de conocer a mi actual esposo viv\u00eda en una&nbsp;constante b\u00fasqueda del amor. Quer\u00eda o, m\u00e1s bien, necesitaba sentirme querida, apreciada. Las&nbsp;carencias afectivas&nbsp;que tuve de peque\u00f1a me llevaban a probar aqu\u00ed y all\u00e1. [&hellip;]<\/p>\n","protected":false},"author":1,"featured_media":248572,"comment_status":"open","ping_status":"open","sticky":false,"template":"","format":"standard","meta":{"_et_pb_use_builder":"off","_et_pb_old_content":"","_et_gb_content_width":"","inline_featured_image":false,"footnotes":""},"categories":[33],"tags":[],"class_list":["post-249024","post","type-post","status-publish","format-standard","has-post-thumbnail","hentry","category-amor-propio"],"_links":{"self":[{"href":"https:\/\/theemotionslabmalta.com\/en\/wp-json\/wp\/v2\/posts\/249024","targetHints":{"allow":["GET"]}}],"collection":[{"href":"https:\/\/theemotionslabmalta.com\/en\/wp-json\/wp\/v2\/posts"}],"about":[{"href":"https:\/\/theemotionslabmalta.com\/en\/wp-json\/wp\/v2\/types\/post"}],"author":[{"embeddable":true,"href":"https:\/\/theemotionslabmalta.com\/en\/wp-json\/wp\/v2\/users\/1"}],"replies":[{"embeddable":true,"href":"https:\/\/theemotionslabmalta.com\/en\/wp-json\/wp\/v2\/comments?post=249024"}],"version-history":[{"count":2,"href":"https:\/\/theemotionslabmalta.com\/en\/wp-json\/wp\/v2\/posts\/249024\/revisions"}],"predecessor-version":[{"id":249033,"href":"https:\/\/theemotionslabmalta.com\/en\/wp-json\/wp\/v2\/posts\/249024\/revisions\/249033"}],"wp:featuredmedia":[{"embeddable":true,"href":"https:\/\/theemotionslabmalta.com\/en\/wp-json\/wp\/v2\/media\/248572"}],"wp:attachment":[{"href":"https:\/\/theemotionslabmalta.com\/en\/wp-json\/wp\/v2\/media?parent=249024"}],"wp:term":[{"taxonomy":"category","embeddable":true,"href":"https:\/\/theemotionslabmalta.com\/en\/wp-json\/wp\/v2\/categories?post=249024"},{"taxonomy":"post_tag","embeddable":true,"href":"https:\/\/theemotionslabmalta.com\/en\/wp-json\/wp\/v2\/tags?post=249024"}],"curies":[{"name":"wp","href":"https:\/\/api.w.org\/{rel}","templated":true}]}}