{"id":249028,"date":"2024-09-18T14:16:11","date_gmt":"2024-09-18T14:16:11","guid":{"rendered":"https:\/\/principeverdiazul.com\/?p=249028"},"modified":"2025-06-18T15:36:01","modified_gmt":"2025-06-18T15:36:01","slug":"la-vida-es-ahora-no-mas-tarde","status":"publish","type":"post","link":"https:\/\/theemotionslabmalta.com\/en\/la-vida-es-ahora-no-mas-tarde\/","title":{"rendered":"La vida es ahora mismo, no m\u00e1s tarde"},"content":{"rendered":"<p class=\"has-medium-font-size wp-block-paragraph\">Are you living in&nbsp;<strong>the present moment<\/strong>?<\/p>\n\n\n\n<p class=\"has-medium-font-size wp-block-paragraph\">I know that sometimes, as much as we want to be&nbsp;<strong>HERE and NOW<\/strong>, constant busyness, excuses and all those \u2018buts\u2019 lead us to live on autopilot.<\/p>\n\n\n\n<p class=\"has-medium-font-size wp-block-paragraph\">That's why today I want to give you 5 keys to&nbsp;<strong>learn to live in today<\/strong>:<\/p>\n\n\n\n<ul class=\"wp-block-list\">\n<li class=\"has-medium-font-size\">\u2013 Acepta los incidentes que llegan a tu vida.<\/li>\n\n\n\n<li class=\"has-medium-font-size\">\u2013 Recurre al pasado para recapitular no para juzgarte.<\/li>\n\n\n\n<li class=\"has-medium-font-size\">\u2013 Piensa en el futuro sin obsesi\u00f3n y con flexibilidad.&nbsp;<\/li>\n\n\n\n<li class=\"has-medium-font-size\">\u2013 Ap\u00e1rtate de las distracciones.<\/li>\n\n\n\n<li class=\"has-medium-font-size\">\u2013 Escucha con atenci\u00f3n a tus emociones.<\/li>\n<\/ul>\n\n\n\n<p class=\"has-medium-font-size wp-block-paragraph\">f you want to know how I apply these&nbsp;<strong>tips to live in the present<\/strong>&nbsp;write to me in the comments and I will share with you the tools I use to&nbsp;<strong>enjoy the little things and live in the present<\/strong>.<\/p>\n\n\n\n<p class=\"has-medium-font-size wp-block-paragraph\">With gratitude,<\/p>\n\n\n\n<p class=\"has-medium-font-size wp-block-paragraph\">Caro&nbsp;<\/p>","protected":false},"excerpt":{"rendered":"<p>\u00bfVives tu&nbsp;momento presente? S\u00e9 que a veces por mucho que queramos estar&nbsp;AQU\u00cd y AHORA, las constantes ocupaciones, las excusas y todos esos \u00abperos\u00bb nos llevan a vivir en piloto autom\u00e1tico. Por eso, hoy te quiero regalar 5 claves para que&nbsp;aprendas a vivir en el hoy: Si quieres saber c\u00f3mo aplico estos&nbsp;tips para vivir el presente&nbsp;escr\u00edbeme [&hellip;]<\/p>\n","protected":false},"author":1,"featured_media":248963,"comment_status":"open","ping_status":"open","sticky":false,"template":"","format":"standard","meta":{"_et_pb_use_builder":"off","_et_pb_old_content":"","_et_gb_content_width":"","inline_featured_image":false,"footnotes":""},"categories":[33],"tags":[],"class_list":["post-249028","post","type-post","status-publish","format-standard","has-post-thumbnail","hentry","category-amor-propio"],"_links":{"self":[{"href":"https:\/\/theemotionslabmalta.com\/en\/wp-json\/wp\/v2\/posts\/249028","targetHints":{"allow":["GET"]}}],"collection":[{"href":"https:\/\/theemotionslabmalta.com\/en\/wp-json\/wp\/v2\/posts"}],"about":[{"href":"https:\/\/theemotionslabmalta.com\/en\/wp-json\/wp\/v2\/types\/post"}],"author":[{"embeddable":true,"href":"https:\/\/theemotionslabmalta.com\/en\/wp-json\/wp\/v2\/users\/1"}],"replies":[{"embeddable":true,"href":"https:\/\/theemotionslabmalta.com\/en\/wp-json\/wp\/v2\/comments?post=249028"}],"version-history":[{"count":3,"href":"https:\/\/theemotionslabmalta.com\/en\/wp-json\/wp\/v2\/posts\/249028\/revisions"}],"predecessor-version":[{"id":250351,"href":"https:\/\/theemotionslabmalta.com\/en\/wp-json\/wp\/v2\/posts\/249028\/revisions\/250351"}],"wp:featuredmedia":[{"embeddable":true,"href":"https:\/\/theemotionslabmalta.com\/en\/wp-json\/wp\/v2\/media\/248963"}],"wp:attachment":[{"href":"https:\/\/theemotionslabmalta.com\/en\/wp-json\/wp\/v2\/media?parent=249028"}],"wp:term":[{"taxonomy":"category","embeddable":true,"href":"https:\/\/theemotionslabmalta.com\/en\/wp-json\/wp\/v2\/categories?post=249028"},{"taxonomy":"post_tag","embeddable":true,"href":"https:\/\/theemotionslabmalta.com\/en\/wp-json\/wp\/v2\/tags?post=249028"}],"curies":[{"name":"wp","href":"https:\/\/api.w.org\/{rel}","templated":true}]}}