{"id":250289,"date":"2025-05-27T21:13:28","date_gmt":"2025-05-27T21:13:28","guid":{"rendered":"https:\/\/principeverdiazul.com\/?p=250289"},"modified":"2025-05-28T22:17:45","modified_gmt":"2025-05-28T22:17:45","slug":"nada-cambia-todo-se-transforma","status":"publish","type":"post","link":"https:\/\/theemotionslabmalta.com\/en\/nada-cambia-todo-se-transforma\/","title":{"rendered":"Nothing changes, everything transforms"},"content":{"rendered":"<p class=\"has-medium-font-size wp-block-paragraph\">In 2018 I had pretty much found <strong>my dream job<\/strong> and was <strong>s living my best life. <\/strong>I was a <strong>successful journalist with an abundant economy<\/strong> Plus, I was back in my country after living eight years in Barcelona, what more could I ask for?<\/p>\n\n\n\n<p class=\"has-medium-font-size wp-block-paragraph\"><strong>Happiness is the answer.<\/strong> I wasn't happy even with these things that life had \u2018turned out\u2019 for me. I decided to pack my bags again and landed in Malta, this beautiful island where <strong>I found my peace and that happiness that was missing.<\/strong><\/p>\n\n\n\n<p class=\"has-medium-font-size wp-block-paragraph\">The rest is history. Ef and Agustin (my husband and son) came to enlighten my life and with them this project, which I can say is <strong>my life purpose.<\/strong> Today this project is transformed. And here I tell you the news:<\/p>\n\n\n\n<ul class=\"wp-block-list\">\n<li class=\"has-medium-font-size\">Our emblematic letter P with crown disappears to make way for <strong>The Emotions Lab <\/strong>We just changed the image, the essence remains the same.<\/li>\n<\/ul>\n\n\n\n<ul class=\"wp-block-list\">\n<li class=\"has-medium-font-size\">Our <strong>EmotionTherapy Sessions<\/strong> return to their roots and will no longer be labelled as a \u2018workshop\u2019. They will once again be those gatherings where we talk, dream, laugh and even cry together. As you know this is your <strong>support network and safe space.<\/strong><\/li>\n<\/ul>\n\n\n\n<ul class=\"wp-block-list has-medium-font-size\">\n<li>We have created <strong>Crafternoon Dates<\/strong>a workshop space, where we will mix emotions, <strong>healing and creative therapy<\/strong>. We will only do one or two sessions a month combined with our <strong>Emotional Brunch<\/strong>, which has been back since February.<\/li>\n<\/ul>\n\n\n\n<ul class=\"wp-block-list\">\n<li class=\"has-medium-font-size\">Finally, we will soon open the <strong>Retreat Season in Malta<\/strong>. I have continued to study and obtain new certifications to keep giving my best in every activity. In fact, this year we decided to take a big leap and move our Retreats to the <strong>magical and beautiful Colombia.<\/strong><\/li>\n<\/ul>\n\n\n\n<p class=\"has-medium-font-size wp-block-paragraph\">You see, <strong>nothing changes, everything transforms.<\/strong><\/p>\n\n\n\n<p class=\"has-medium-font-size wp-block-paragraph\">With gratitude,<\/p>\n\n\n\n<p class=\"has-medium-font-size wp-block-paragraph\">Caro<\/p>","protected":false},"excerpt":{"rendered":"<p>En 2018 hab\u00eda encontrado m\u00e1s o menos el trabajo de mis sue\u00f1os y estaba viviendo mi mejor vida. Era una periodista de \u00e9xito con una econom\u00eda abundante. Adem\u00e1s, estaba de vuelta en mi pa\u00eds despu\u00e9s de vivir ocho a\u00f1os en Barcelona, \u00bfqu\u00e9 m\u00e1s pod\u00eda pedir? La felicidad es la respuesta. No era feliz ni siquiera [&hellip;]<\/p>\n","protected":false},"author":1,"featured_media":250290,"comment_status":"open","ping_status":"open","sticky":false,"template":"","format":"standard","meta":{"_et_pb_use_builder":"off","_et_pb_old_content":"","_et_gb_content_width":"","inline_featured_image":false,"footnotes":""},"categories":[33,35],"tags":[],"class_list":["post-250289","post","type-post","status-publish","format-standard","has-post-thumbnail","hentry","category-amor-propio","category-bienestar-emocional"],"_links":{"self":[{"href":"https:\/\/theemotionslabmalta.com\/en\/wp-json\/wp\/v2\/posts\/250289","targetHints":{"allow":["GET"]}}],"collection":[{"href":"https:\/\/theemotionslabmalta.com\/en\/wp-json\/wp\/v2\/posts"}],"about":[{"href":"https:\/\/theemotionslabmalta.com\/en\/wp-json\/wp\/v2\/types\/post"}],"author":[{"embeddable":true,"href":"https:\/\/theemotionslabmalta.com\/en\/wp-json\/wp\/v2\/users\/1"}],"replies":[{"embeddable":true,"href":"https:\/\/theemotionslabmalta.com\/en\/wp-json\/wp\/v2\/comments?post=250289"}],"version-history":[{"count":2,"href":"https:\/\/theemotionslabmalta.com\/en\/wp-json\/wp\/v2\/posts\/250289\/revisions"}],"predecessor-version":[{"id":250304,"href":"https:\/\/theemotionslabmalta.com\/en\/wp-json\/wp\/v2\/posts\/250289\/revisions\/250304"}],"wp:featuredmedia":[{"embeddable":true,"href":"https:\/\/theemotionslabmalta.com\/en\/wp-json\/wp\/v2\/media\/250290"}],"wp:attachment":[{"href":"https:\/\/theemotionslabmalta.com\/en\/wp-json\/wp\/v2\/media?parent=250289"}],"wp:term":[{"taxonomy":"category","embeddable":true,"href":"https:\/\/theemotionslabmalta.com\/en\/wp-json\/wp\/v2\/categories?post=250289"},{"taxonomy":"post_tag","embeddable":true,"href":"https:\/\/theemotionslabmalta.com\/en\/wp-json\/wp\/v2\/tags?post=250289"}],"curies":[{"name":"wp","href":"https:\/\/api.w.org\/{rel}","templated":true}]}}