{"id":250292,"date":"2025-05-27T21:25:52","date_gmt":"2025-05-27T21:25:52","guid":{"rendered":"https:\/\/principeverdiazul.com\/?p=250292"},"modified":"2025-06-18T15:25:38","modified_gmt":"2025-06-18T15:25:38","slug":"hay-quienes-estan-ahi-aunque-esten-lejos","status":"publish","type":"post","link":"https:\/\/theemotionslabmalta.com\/en\/hay-quienes-estan-ahi-aunque-esten-lejos\/","title":{"rendered":"There are those who are there, even if they are far away"},"content":{"rendered":"[et_pb_section admin_label=\u00bbsection\u00bb]\n\t\t\t[et_pb_row admin_label=\u00bbrow\u00bb]\n\t\t\t\t[et_pb_column type=\u00bb4_4&#8243;][et_pb_text admin_label=\u00bbText\u00bb]\n<p class=\"has-medium-font-size wp-block-paragraph\">Hay personas que, aunque est\u00e9n a kil\u00f3metros de distancia, las sientes cerca. No importan las horas que les separan, los meses o a\u00f1os sin verse. <strong>Ellos siempre est\u00e1n all\u00ed para ti.<\/strong><\/p>\n\n\n\n<p class=\"has-medium-font-size wp-block-paragraph\">Tuve esa sensaci\u00f3n durante las \u00faltimas seis semanas de mi <strong>tour por Espa\u00f1a y Colombia. <\/strong>Hac\u00eda m\u00e1s de siete a\u00f1os que no ve\u00eda a mis amigos, parte de mi familia, y al verlos sent\u00ed <strong>como si el tiempo no hubiera pasado nunca.<\/strong><\/p>\n\n\n\n<p class=\"has-medium-font-size wp-block-paragraph\">All\u00ed me encontr\u00e9 con ellos y estaban con el mismo cari\u00f1o, apertura y generosidad. Qu\u00e9 suerte tenerlos y tambi\u00e9n, <strong>qu\u00e9 suerte tenerte a ti<\/strong>, que s\u00e9 que segu\u00edas aqu\u00ed esperando por nuestras actividades y preservando nuestra <strong>comunidad.<\/strong><\/p>\n\n\n\n<p class=\"has-medium-font-size wp-block-paragraph\">Regres\u00e9 a Malta cargada de ideas, de nuevos eventos y con muchas, muchas ganas de volver a encontrarme contigo, <strong>para que juntas podamos continuar este viaje.<\/strong><\/p>\n\n\n\n<p class=\"has-medium-font-size wp-block-paragraph\">Gracias por <strong>ser y estar.<\/strong><\/p>\n\n\n\n<p class=\"has-medium-font-size wp-block-paragraph\">Con gratitud,<\/p>\n\n\n\n<p class=\"has-medium-font-size wp-block-paragraph\">Caro<\/p>\n[\/et_pb_text][\/et_pb_column]\n\t\t\t[\/et_pb_row]\n\t\t[\/et_pb_section]","protected":false},"excerpt":{"rendered":"<p>Hay personas que, aunque est\u00e9n a kil\u00f3metros de distancia, las sientes cerca. No importan las horas que les separan, los meses o a\u00f1os sin verse. Ellos siempre est\u00e1n all\u00ed para ti. Tuve esa sensaci\u00f3n durante las \u00faltimas seis semanas de mi tour por Espa\u00f1a y Colombia. Hac\u00eda m\u00e1s de siete a\u00f1os que no ve\u00eda a mis amigos, parte de mi familia, y al verlos sent\u00ed como si el tiempo no hubiera pasado nunca. All\u00ed me encontr\u00e9 con ellos y estaban con el mismo cari\u00f1o, apertura y generosidad. Qu\u00e9 suerte tenerlos y tambi\u00e9n, qu\u00e9 suerte tenerte a ti, que s\u00e9 que segu\u00edas aqu\u00ed esperando por nuestras actividades y preservando nuestra comunidad. Regres\u00e9 a Malta cargada de ideas, de nuevos eventos y con muchas, muchas ganas de volver a encontrarme contigo, para que juntas podamos continuar este viaje. Gracias por ser y estar. Con gratitud, Caro<\/p>","protected":false},"author":1,"featured_media":250293,"comment_status":"open","ping_status":"open","sticky":false,"template":"","format":"standard","meta":{"_et_pb_use_builder":"on","_et_pb_old_content":"<!-- wp:paragraph {\"fontSize\":\"medium\"} -->\n<p class=\"has-medium-font-size\">Hay personas que, aunque est\u00e9n a kil\u00f3metros de distancia, las sientes cerca. No importan las horas que les separan, los meses o a\u00f1os sin verse. <strong>Ellos siempre est\u00e1n all\u00ed para ti.<\/strong><\/p>\n<!-- \/wp:paragraph -->\n\n<!-- wp:paragraph {\"fontSize\":\"medium\"} -->\n<p class=\"has-medium-font-size\">Tuve esa sensaci\u00f3n durante las \u00faltimas seis semanas de mi <strong>tour por Espa\u00f1a y Colombia. <\/strong>Hac\u00eda m\u00e1s de siete a\u00f1os que no ve\u00eda a mis amigos, parte de mi familia, y al verlos sent\u00ed <strong>como si el tiempo no hubiera pasado nunca.<\/strong><\/p>\n<!-- \/wp:paragraph -->\n\n<!-- wp:paragraph {\"fontSize\":\"medium\"} -->\n<p class=\"has-medium-font-size\">All\u00ed me encontr\u00e9 con ellos y estaban con el mismo cari\u00f1o, apertura y generosidad. Qu\u00e9 suerte tenerlos y tambi\u00e9n, <strong>qu\u00e9 suerte tenerte a ti<\/strong>, que s\u00e9 que segu\u00edas aqu\u00ed esperando por nuestras actividades y preservando nuestra <strong>comunidad.<\/strong><\/p>\n<!-- \/wp:paragraph -->\n\n<!-- wp:paragraph {\"fontSize\":\"medium\"} -->\n<p class=\"has-medium-font-size\">Regres\u00e9 a Malta cargada de ideas, de nuevos eventos y con muchas, muchas ganas de volver a encontrarme contigo, <strong>para que juntas podamos continuar este viaje.<\/strong><\/p>\n<!-- \/wp:paragraph -->\n\n<!-- wp:paragraph {\"fontSize\":\"medium\"} -->\n<p class=\"has-medium-font-size\">Gracias por <strong>ser y estar.<\/strong><\/p>\n<!-- \/wp:paragraph -->\n\n<!-- wp:paragraph {\"fontSize\":\"medium\"} -->\n<p class=\"has-medium-font-size\">Con gratitud,<\/p>\n<!-- \/wp:paragraph -->\n\n<!-- wp:paragraph {\"fontSize\":\"medium\"} -->\n<p class=\"has-medium-font-size\">Caro<\/p>\n<!-- \/wp:paragraph -->","_et_gb_content_width":"","inline_featured_image":false,"footnotes":""},"categories":[35],"tags":[],"class_list":["post-250292","post","type-post","status-publish","format-standard","has-post-thumbnail","hentry","category-bienestar-emocional"],"_links":{"self":[{"href":"https:\/\/theemotionslabmalta.com\/en\/wp-json\/wp\/v2\/posts\/250292","targetHints":{"allow":["GET"]}}],"collection":[{"href":"https:\/\/theemotionslabmalta.com\/en\/wp-json\/wp\/v2\/posts"}],"about":[{"href":"https:\/\/theemotionslabmalta.com\/en\/wp-json\/wp\/v2\/types\/post"}],"author":[{"embeddable":true,"href":"https:\/\/theemotionslabmalta.com\/en\/wp-json\/wp\/v2\/users\/1"}],"replies":[{"embeddable":true,"href":"https:\/\/theemotionslabmalta.com\/en\/wp-json\/wp\/v2\/comments?post=250292"}],"version-history":[{"count":2,"href":"https:\/\/theemotionslabmalta.com\/en\/wp-json\/wp\/v2\/posts\/250292\/revisions"}],"predecessor-version":[{"id":250346,"href":"https:\/\/theemotionslabmalta.com\/en\/wp-json\/wp\/v2\/posts\/250292\/revisions\/250346"}],"wp:featuredmedia":[{"embeddable":true,"href":"https:\/\/theemotionslabmalta.com\/en\/wp-json\/wp\/v2\/media\/250293"}],"wp:attachment":[{"href":"https:\/\/theemotionslabmalta.com\/en\/wp-json\/wp\/v2\/media?parent=250292"}],"wp:term":[{"taxonomy":"category","embeddable":true,"href":"https:\/\/theemotionslabmalta.com\/en\/wp-json\/wp\/v2\/categories?post=250292"},{"taxonomy":"post_tag","embeddable":true,"href":"https:\/\/theemotionslabmalta.com\/en\/wp-json\/wp\/v2\/tags?post=250292"}],"curies":[{"name":"wp","href":"https:\/\/api.w.org\/{rel}","templated":true}]}}