{"id":250352,"date":"2025-06-18T16:05:58","date_gmt":"2025-06-18T16:05:58","guid":{"rendered":"https:\/\/principeverdiazul.com\/?p=250352"},"modified":"2025-06-18T16:06:00","modified_gmt":"2025-06-18T16:06:00","slug":"los-dias-malos-tambien-terminan","status":"publish","type":"post","link":"https:\/\/theemotionslabmalta.com\/en\/los-dias-malos-tambien-terminan\/","title":{"rendered":"Bad days also end"},"content":{"rendered":"<p class=\"has-medium-font-size wp-block-paragraph\">Tuesday was one of those days that you want to be over and that part of it won't be repeated.<\/p>\n\n\n\n<p class=\"has-medium-font-size wp-block-paragraph\">I woke up and as usual did my 20 minutes of meditation, prayed, had a small meeting with one of the participants of our Retreat in Colombia, then went to the hospital for a test, and started preparing for a private session I had in the evening for a group of wellness experts coming from the United States.<\/p>\n\n\n\n<p class=\"has-medium-font-size wp-block-paragraph\">I was very excited about it. The venue was at the Hilton Hotel by the pool, for me the perfect location to meditate and flow through sound therapy.<\/p>\n\n\n\n<p class=\"has-medium-font-size wp-block-paragraph\">But at noon a phone call almost changed everything... There was a problem with our house and my husband had to go and deal with it. The hours passed and he didn't return. I even thought I would cancel the session. The most important thing was to have Ef back.<\/p>\n\n\n\n<p class=\"has-medium-font-size wp-block-paragraph\">I was broken, I felt alone and so vulnerable. I cried a lot and had no choice but to ask for help. I needed to talk, vent and to heal my emotions.<\/p>\n\n\n\n<p class=\"has-medium-font-size wp-block-paragraph\">After a few hours, which felt endless, Ef knocked on the door and his hug told me that everything was okay. Without much talking we got ready and left for the Hilton. The session was magical, healing and after the last vibration of the singing bowls I realised that the bad days also end.<\/p>\n\n\n\n<p class=\"has-medium-font-size wp-block-paragraph\">With gratitude,<\/p>\n\n\n\n<p class=\"has-medium-font-size wp-block-paragraph\">Caro<\/p>","protected":false},"excerpt":{"rendered":"<p>El martes fue uno de esos d\u00edas que quieres que se acaben y que parte de ellos no se repitan. Me despert\u00e9 y, como de costumbre, hice mis 20 minutos de meditaci\u00f3n, rec\u00e9, tuve una peque\u00f1a reuni\u00f3n con uno de los participantes de nuestro Retiro en Colombia, luego fui al hospital para hacerme una prueba [&hellip;]<\/p>\n","protected":false},"author":1,"featured_media":250353,"comment_status":"open","ping_status":"open","sticky":false,"template":"","format":"standard","meta":{"_et_pb_use_builder":"off","_et_pb_old_content":"","_et_gb_content_width":"","inline_featured_image":false,"footnotes":""},"categories":[35],"tags":[],"class_list":["post-250352","post","type-post","status-publish","format-standard","has-post-thumbnail","hentry","category-bienestar-emocional"],"_links":{"self":[{"href":"https:\/\/theemotionslabmalta.com\/en\/wp-json\/wp\/v2\/posts\/250352","targetHints":{"allow":["GET"]}}],"collection":[{"href":"https:\/\/theemotionslabmalta.com\/en\/wp-json\/wp\/v2\/posts"}],"about":[{"href":"https:\/\/theemotionslabmalta.com\/en\/wp-json\/wp\/v2\/types\/post"}],"author":[{"embeddable":true,"href":"https:\/\/theemotionslabmalta.com\/en\/wp-json\/wp\/v2\/users\/1"}],"replies":[{"embeddable":true,"href":"https:\/\/theemotionslabmalta.com\/en\/wp-json\/wp\/v2\/comments?post=250352"}],"version-history":[{"count":3,"href":"https:\/\/theemotionslabmalta.com\/en\/wp-json\/wp\/v2\/posts\/250352\/revisions"}],"predecessor-version":[{"id":250356,"href":"https:\/\/theemotionslabmalta.com\/en\/wp-json\/wp\/v2\/posts\/250352\/revisions\/250356"}],"wp:featuredmedia":[{"embeddable":true,"href":"https:\/\/theemotionslabmalta.com\/en\/wp-json\/wp\/v2\/media\/250353"}],"wp:attachment":[{"href":"https:\/\/theemotionslabmalta.com\/en\/wp-json\/wp\/v2\/media?parent=250352"}],"wp:term":[{"taxonomy":"category","embeddable":true,"href":"https:\/\/theemotionslabmalta.com\/en\/wp-json\/wp\/v2\/categories?post=250352"},{"taxonomy":"post_tag","embeddable":true,"href":"https:\/\/theemotionslabmalta.com\/en\/wp-json\/wp\/v2\/tags?post=250352"}],"curies":[{"name":"wp","href":"https:\/\/api.w.org\/{rel}","templated":true}]}}